{"id":489,"date":"2021-12-27T13:43:15","date_gmt":"2021-12-27T12:43:15","guid":{"rendered":"https:\/\/www.hu-k.cz\/?p=489"},"modified":"2021-12-27T13:45:10","modified_gmt":"2021-12-27T12:45:10","slug":"nove-multifunkcni-hriste","status":"publish","type":"post","link":"https:\/\/www.hu-k.cz\/?p=489","title":{"rendered":"Nov\u00e9 multifunk\u010dn\u00ed h\u0159i\u0161t\u011b"},"content":{"rendered":"\n<p class=\"wp-block-paragraph\">Za\u010d\u00e1tkem prosince 2021 bylo dokon\u010deno multifunk\u010dn\u00ed h\u0159i\u0161t\u011b v H\u0159iv\u00ednov\u011b \u00dajezd\u011b.   Bli\u017e\u0161\u00ed informace o provozu je\u0161t\u011b nejsou k dispozici, ale budou zde zve\u0159ejn\u011bny.<\/p>\n\n\n\n<figure class=\"wp-block-image size-large\"><img fetchpriority=\"high\" decoding=\"async\" width=\"1024\" height=\"576\" src=\"https:\/\/www.hu-k.cz\/wp-content\/uploads\/2021\/12\/hukot-arena-1024x576.jpeg\" alt=\"\" class=\"wp-image-490\" srcset=\"https:\/\/www.hu-k.cz\/wp-content\/uploads\/2021\/12\/hukot-arena-1024x576.jpeg 1024w, https:\/\/www.hu-k.cz\/wp-content\/uploads\/2021\/12\/hukot-arena-300x169.jpeg 300w, https:\/\/www.hu-k.cz\/wp-content\/uploads\/2021\/12\/hukot-arena-768x432.jpeg 768w, https:\/\/www.hu-k.cz\/wp-content\/uploads\/2021\/12\/hukot-arena-1536x864.jpeg 1536w, https:\/\/www.hu-k.cz\/wp-content\/uploads\/2021\/12\/hukot-arena-107x60.jpeg 107w, https:\/\/www.hu-k.cz\/wp-content\/uploads\/2021\/12\/hukot-arena-840x473.jpeg 840w, https:\/\/www.hu-k.cz\/wp-content\/uploads\/2021\/12\/hukot-arena.jpeg 2048w\" sizes=\"(max-width: 1024px) 100vw, 1024px\" \/><figcaption>Fotka Zden\u011b Jur\u00e1ka na\u0161eho nov\u00e9ho multifunk\u010dn\u00edho h\u0159i\u0161t\u011b. <\/figcaption><\/figure>\n","protected":false},"excerpt":{"rendered":"<p>HUKOT ar\u00e9na dokon\u010dena \ud83d\ude42<\/p>\n","protected":false},"author":1,"featured_media":490,"comment_status":"open","ping_status":"open","sticky":false,"template":"","format":"standard","meta":{"ngg_post_thumbnail":0,"_jetpack_newsletter_access":"","_jetpack_dont_email_post_to_subs":false,"_jetpack_newsletter_tier_id":0,"_jetpack_memberships_contains_paywalled_content":false,"_jetpack_memberships_contains_paid_content":false,"footnotes":""},"categories":[7],"tags":[],"class_list":["post-489","post","type-post","status-publish","format-standard","has-post-thumbnail","hentry","category-muzi-novinky"],"jetpack-related-posts":[{"id":509,"url":"https:\/\/www.hu-k.cz\/?p=509","url_meta":{"origin":489,"position":0},"title":"P\u0159edseda hodnot\u00ed sezonu 2021","author":"radim","date":"10 ledna, 2022","format":false,"excerpt":"N\u00e1\u0161 p\u0159edseda Karel Bur\u0161\u00edk hodnot\u00ed rok 2021.","rel":"","context":"V \u201eNovinky mu\u017ei\u201c","block_context":{"text":"Novinky mu\u017ei","link":"https:\/\/www.hu-k.cz\/?cat=7"},"img":{"alt_text":"Muzi HUK 2021","src":"https:\/\/i0.wp.com\/www.hu-k.cz\/wp-content\/uploads\/2022\/01\/1641844864676-scaled.jpg?resize=350%2C200&ssl=1","width":350,"height":200,"srcset":"https:\/\/i0.wp.com\/www.hu-k.cz\/wp-content\/uploads\/2022\/01\/1641844864676-scaled.jpg?resize=350%2C200&ssl=1 1x, https:\/\/i0.wp.com\/www.hu-k.cz\/wp-content\/uploads\/2022\/01\/1641844864676-scaled.jpg?resize=525%2C300&ssl=1 1.5x, https:\/\/i0.wp.com\/www.hu-k.cz\/wp-content\/uploads\/2022\/01\/1641844864676-scaled.jpg?resize=700%2C400&ssl=1 2x, https:\/\/i0.wp.com\/www.hu-k.cz\/wp-content\/uploads\/2022\/01\/1641844864676-scaled.jpg?resize=1050%2C600&ssl=1 3x, https:\/\/i0.wp.com\/www.hu-k.cz\/wp-content\/uploads\/2022\/01\/1641844864676-scaled.jpg?resize=1400%2C800&ssl=1 4x"},"classes":[]},{"id":412,"url":"https:\/\/www.hu-k.cz\/?p=412","url_meta":{"origin":489,"position":1},"title":"V\u00fdro\u010dn\u00ed \u010dlensk\u00e1 sch\u016fze 2021 a ukon\u010den\u00e1","author":"radim","date":"16 \u0159\u00edjna, 2021","format":false,"excerpt":"V p\u00e1tek 29.10. od 18hod se uskute\u010dn\u00ed v restauraci Na h\u0159i\u0161ti v\u00fdro\u010dn\u00ed sch\u016fze. Zv\u00e1ni jsou v\u0161ichni \u010dlenov\u00e9 i ne\u010dlenov\u00e9, nap\u0159. rodi\u010de d\u011bt\u00ed. Po sch\u016fzi n\u00e1sleduje ukon\u010den\u00e1 podzimn\u00ed sezony 2021.","rel":"","context":"V \u201eNovinky mu\u017ei\u201c","block_context":{"text":"Novinky mu\u017ei","link":"https:\/\/www.hu-k.cz\/?cat=7"},"img":{"alt_text":"","src":"https:\/\/i0.wp.com\/www.hu-k.cz\/wp-content\/uploads\/2021\/10\/image.png?resize=350%2C200&ssl=1","width":350,"height":200,"srcset":"https:\/\/i0.wp.com\/www.hu-k.cz\/wp-content\/uploads\/2021\/10\/image.png?resize=350%2C200&ssl=1 1x, https:\/\/i0.wp.com\/www.hu-k.cz\/wp-content\/uploads\/2021\/10\/image.png?resize=525%2C300&ssl=1 1.5x, https:\/\/i0.wp.com\/www.hu-k.cz\/wp-content\/uploads\/2021\/10\/image.png?resize=700%2C400&ssl=1 2x"},"classes":[]},{"id":323,"url":"https:\/\/www.hu-k.cz\/?p=323","url_meta":{"origin":489,"position":2},"title":"Vzpom\u00ednky na obnoven\u00ed mlad\u0161\u00edch \u017e\u00e1k\u016f","author":"radim","date":"14 \u0159\u00edjna, 2021","format":false,"excerpt":"Po spojen\u00ed na\u0161eho klubu s Biskupicemi se n\u00e1m poda\u0159ilo spole\u010dn\u011b obnovit mlad\u0161\u00ed \u017e\u00e1ky. Z\u00e1pasy se odehr\u00e1valy v ned\u011bli r\u00e1no v Biskupic\u00edch. Po nesm\u011bl\u00e9m nov\u00e1\u010dkovsk\u00e9m za\u010d\u00e1tku se kluci chytli a zd\u00e1rn\u011b aklimatizovali v nov\u00e9 sout\u011b\u017ei, kde se ji\u017e hraje na \u0161\u00edrku h\u0159i\u0161t\u011b v po\u010dtu 7+1. Velkou z\u00e1sluhu na tom m\u011bl tren\u00e9r\u2026","rel":"","context":"V \u201eNovinky \u017e\u00e1ci\u201c","block_context":{"text":"Novinky \u017e\u00e1ci","link":"https:\/\/www.hu-k.cz\/?cat=8"},"img":{"alt_text":"","src":"https:\/\/i0.wp.com\/www.hu-k.cz\/wp-content\/uploads\/2021\/10\/ml_zaci-scaled.jpg?resize=350%2C200&ssl=1","width":350,"height":200,"srcset":"https:\/\/i0.wp.com\/www.hu-k.cz\/wp-content\/uploads\/2021\/10\/ml_zaci-scaled.jpg?resize=350%2C200&ssl=1 1x, https:\/\/i0.wp.com\/www.hu-k.cz\/wp-content\/uploads\/2021\/10\/ml_zaci-scaled.jpg?resize=525%2C300&ssl=1 1.5x, https:\/\/i0.wp.com\/www.hu-k.cz\/wp-content\/uploads\/2021\/10\/ml_zaci-scaled.jpg?resize=700%2C400&ssl=1 2x, https:\/\/i0.wp.com\/www.hu-k.cz\/wp-content\/uploads\/2021\/10\/ml_zaci-scaled.jpg?resize=1050%2C600&ssl=1 3x, https:\/\/i0.wp.com\/www.hu-k.cz\/wp-content\/uploads\/2021\/10\/ml_zaci-scaled.jpg?resize=1400%2C800&ssl=1 4x"},"classes":[]}],"jetpack_sharing_enabled":true,"jetpack_featured_media_url":"https:\/\/www.hu-k.cz\/wp-content\/uploads\/2021\/12\/hukot-arena.jpeg","_links":{"self":[{"href":"https:\/\/www.hu-k.cz\/index.php?rest_route=\/wp\/v2\/posts\/489","targetHints":{"allow":["GET"]}}],"collection":[{"href":"https:\/\/www.hu-k.cz\/index.php?rest_route=\/wp\/v2\/posts"}],"about":[{"href":"https:\/\/www.hu-k.cz\/index.php?rest_route=\/wp\/v2\/types\/post"}],"author":[{"embeddable":true,"href":"https:\/\/www.hu-k.cz\/index.php?rest_route=\/wp\/v2\/users\/1"}],"replies":[{"embeddable":true,"href":"https:\/\/www.hu-k.cz\/index.php?rest_route=%2Fwp%2Fv2%2Fcomments&post=489"}],"version-history":[{"count":4,"href":"https:\/\/www.hu-k.cz\/index.php?rest_route=\/wp\/v2\/posts\/489\/revisions"}],"predecessor-version":[{"id":495,"href":"https:\/\/www.hu-k.cz\/index.php?rest_route=\/wp\/v2\/posts\/489\/revisions\/495"}],"wp:featuredmedia":[{"embeddable":true,"href":"https:\/\/www.hu-k.cz\/index.php?rest_route=\/wp\/v2\/media\/490"}],"wp:attachment":[{"href":"https:\/\/www.hu-k.cz\/index.php?rest_route=%2Fwp%2Fv2%2Fmedia&parent=489"}],"wp:term":[{"taxonomy":"category","embeddable":true,"href":"https:\/\/www.hu-k.cz\/index.php?rest_route=%2Fwp%2Fv2%2Fcategories&post=489"},{"taxonomy":"post_tag","embeddable":true,"href":"https:\/\/www.hu-k.cz\/index.php?rest_route=%2Fwp%2Fv2%2Ftags&post=489"}],"curies":[{"name":"wp","href":"https:\/\/api.w.org\/{rel}","templated":true}]}}