{"id":509,"date":"2022-01-10T19:11:18","date_gmt":"2022-01-10T18:11:18","guid":{"rendered":"https:\/\/www.hu-k.cz\/?p=509"},"modified":"2022-03-15T10:24:34","modified_gmt":"2022-03-15T09:24:34","slug":"predseda-hodnoti-rok-2021","status":"publish","type":"post","link":"https:\/\/www.hu-k.cz\/?p=509","title":{"rendered":"P\u0159edseda hodnot\u00ed sezonu 2021"},"content":{"rendered":"\n<figure class=\"wp-block-image is-style-rounded\"><img decoding=\"async\" src=\"https:\/\/i0.wp.com\/www.hu-k.cz\/wp-content\/uploads\/2022\/01\/1641844864676-v3-e1647335587680.jpg?resize=150%2C137&amp;ssl=1\" alt=\"\"\/><\/figure>\n\n\n\n<p class=\"wp-block-paragraph\"><\/p>\n\n\n\n<p class=\"wp-block-paragraph\">Dal\u0161\u00ed rok utekl jako voda a op\u011bt je mou povinnost\u00ed v\u00e1s sezn\u00e1mit s&nbsp;aktivitami T\u011blov\u00fdchovn\u00e9 jednoty HUK.<\/p>\n\n\n\n<p class=\"wp-block-paragraph\">Ka\u017edoro\u010dn\u00ed tradice, pokerov\u00fd turnaj, byl ji\u017e druh\u00fd rok poznamen\u00e1n omezen\u00edmi a uskute\u010dnil se jen 2x, zbyl\u00e9 pl\u00e1novan\u00e9 turnaje nemohly prob\u011bhnout, proto ani nebylo vyhl\u00e1\u0161eno celkov\u00e9 um\u00edst\u011bn\u00ed. I p\u0159esto pat\u0159\u00ed d\u00edk Petru Mikovi za poskytnut\u00ed prostor, Luk\u00e1\u0161i \u0160t\u011bpan\u00edkovi za organizaci a v\u0161em \u00fa\u010dastn\u00edk\u016fm za skv\u011blou atmosf\u00e9ru.<\/p>\n\n\n\n<p class=\"wp-block-paragraph\">Omezen\u00ed d\u00e1le neumo\u017enilo postavit hokejov\u00e9 mantinely, jak se tomu d\u011blo p\u0159ede\u0161l\u00e9 roky.<\/p>\n\n\n\n<p class=\"wp-block-paragraph\">Pandemie koronaviru taky poznamenala fotbalov\u00e9 sout\u011b\u017ee a to tak, \u017ee jarn\u00ed \u010d\u00e1st sout\u011b\u017ee mu\u017e\u016f i ml\u00e1de\u017ee byla zru\u0161ena. V r\u00e1mci mo\u017enost\u00ed prob\u00edhaly jen tr\u00e9ninky. V letn\u00edch m\u011bs\u00edc\u00edch prob\u00edhala p\u0159\u00edprava ml\u00e1de\u017ee i dosp\u011bl\u00fdch standardn\u00edm zp\u016fsobem a ml\u00e1de\u017enick\u00e1 dru\u017estva se z\u00fa\u010dastnila t\u0159\u00eddenn\u00edho soust\u0159ed\u011bn\u00ed v Horn\u00edm N\u011bm\u010d\u00ed. <br> Podzimn\u00ed sout\u011b\u017ee se rozb\u011bhly a poda\u0159ilo se je dokon\u010dit bez omezen\u00ed. Mu\u017e\u016fm IV.B t\u0159\u00eddy, v tabulce pat\u0159\u00ed pr\u016fb\u011b\u017en\u00e9 3. m\u00edsto. Sout\u011b\u017e star\u0161\u00ed p\u0159\u00edpravky, star\u0161\u00edch \u017e\u00e1k\u016f, kte\u0159\u00ed hraj\u00ed u n\u00e1s, a mlad\u0161\u00edch \u017e\u00e1k\u016f, kte\u0159\u00ed hraj\u00ed v Biskupic\u00edch ve sdru\u017een\u00e9m startu, byla t\u00e9\u017e \u00fasp\u011b\u0161n\u011b odehr\u00e1na, Star\u0161\u00ed \u017e\u00e1ci se po podzimu nach\u00e1z\u00ed na posledn\u00edm m\u00edst\u011b, je nutno ale podotknout, \u017ee se museli adaptovat na velkou zm\u011bnu z mal\u00e9 hrac\u00ed plochy na hrac\u00ed plochu cel\u00e9ho h\u0159i\u0161t\u011b. Mlad\u0161\u00ed \u017e\u00e1ci jsou po podzimu na sedm\u00e9m m\u00edst\u011b, p\u0159\u00edpravky jsou bez hodnocen\u00ed a um\u00edst\u011bn\u00ed.<\/p>\n\n\n\n<p class=\"wp-block-paragraph\">Tr\u00e9ninky \u017e\u00e1k\u016f a p\u0159\u00edpravky prob\u00edhaj\u00ed spole\u010dn\u011b pod veden\u00edm Miroslava Novosada, Radima \u0160uransk\u00e9ho, Zde\u0148ka Jur\u00e1ka a Franti\u0161ka \u017dmol\u00edka. V\u0161em jim pat\u0159\u00ed velk\u00fd d\u00edk za nelehkou pr\u00e1ci s mal\u00fdmi d\u011btmi a oni sami d\u011bkuj\u00ed za pomoc, kter\u00e1 je jim poskytov\u00e1na ze strany tat\u00ednk\u016f d\u011bt\u00ed, kter\u00e9 u n\u00e1s sportuj\u00ed. Tr\u00e9ninky prob\u00edhaj\u00ed dvakr\u00e1t t\u00fddn\u011b. Doprava na z\u00e1pasy se<br>uskute\u010d\u0148uje p\u0159edev\u0161\u00edm za pomoci rodi\u010d\u016f na\u0161ich mlad\u00fdch fotbalist\u016f, za co\u017e rodi\u010d\u016fm d\u011bkujeme. Pod\u011bkov\u00e1n\u00ed pat\u0159\u00ed takt\u00e9\u017e v\u0161em, kte\u0159\u00ed n\u011bjak\u00fdm zp\u016fsobem podali pomocnou ruku p\u0159i zaji\u0161\u0165ov\u00e1n\u00ed fungov\u00e1n\u00ed pr\u00e1v\u011b t\u011bchto dru\u017estev star\u0161\u00edch, mlad\u0161\u00edch \u017e\u00e1k\u016f a p\u0159\u00edpravky.<\/p>\n\n\n\n<p class=\"wp-block-paragraph\">Tak\u00e9 se n\u00e1m poda\u0159ilo pro uplynul\u00fd rok 2021 z\u00edskat finan\u010dn\u00ed dotace z N\u00e1rodn\u00ed sportovn\u00ed agentury a ze Zl\u00ednsk\u00e9ho kraje, d\u00edky nim\u017e jsme mohli zkvalitnit tr\u00e9ninkov\u00e9 i hrac\u00ed pom\u016fcky pro ml\u00e1de\u017e, zajistit ml\u00e1de\u017ei soust\u0159ed\u011bn\u00ed, nov\u00e9 dresy, soupravy, m\u00ed\u010de, tr\u00e9ninkov\u00e9 branky a mnoho dal\u0161\u00edch \u201edrobnost\u00ed\u201c. Snad se tak i d\u00edky nim bude mlad\u00fdm hr\u00e1\u010d\u016fm u n\u00e1s l\u00edbit.<\/p>\n\n\n\n<p class=\"wp-block-paragraph\">D\u00edky podpo\u0159e z obc\u00ed H\u0159iv\u00edn\u016fv \u00dajezd a Ka\u0148ovice se v leto\u0161n\u00edm roce, nakoupily nejmen\u0161\u00edm d\u011bten tepl\u00e1kov\u00e9 soupravy, mu\u017e\u016fm nov\u00e9 dresy, poda\u0159ilo se dod\u011blat dal\u0161\u00ed v\u011bci k zavla\u017eovac\u00edmu za\u0159\u00edzen\u00ed, bez kter\u00e9ho posledn\u00ed roky travnat\u00e1 plocha h\u0159i\u0161t\u011b trp\u011bla. D\u00e1le byly prodlou\u017eeny nosn\u00e9 sloupy k z\u00e1chytn\u00fdm s\u00edt\u00edm, aby pokryly v\u011bt\u0161\u00ed v\u00fd\u0161ku a v\u00edce ochr\u00e1nili budovu a parkuj\u00edc\u00ed auta. Velkou z\u00e1sluhu na tom maj\u00ed \u010dlenov\u00e9 TJ, kte\u0159\u00ed pod veden\u00edm Zde\u0148ka Jur\u00e1ka, Luk\u00e1\u0161e \u0160t\u011bpan\u00edka a Martina Moud\u0159\u00edka organizovali a uskute\u010dnili brig\u00e1dy, na nich\u017e odvedli velk\u00fd kus pr\u00e1ce a v\u0161em jim pat\u0159\u00ed velk\u00fd d\u00edk.<\/p>\n\n\n\n<p class=\"wp-block-paragraph\">Obec H\u0159iv\u00edn\u016fv \u00dajezd zrealizovala projekt na multifunk\u010dn\u00ed h\u0159i\u0161t\u011b, kter\u00e9 bylo na podzim v roce 2021 dokon\u010deno a je pln\u011b k dispozici jak hr\u00e1\u010d\u016fm TJ, tak ve\u0159ejnosti. <\/p>\n\n\n\n<p class=\"wp-block-paragraph\">Na konci roku 2020 s TJ ukon\u010dila spolupr\u00e1ci firma Pento s.r.o a v polovin\u011b roku 2021 se n\u00e1m poda\u0159ilo vyjednat sponzorskou smlouvu s firmou Sollau s.r.o, zat\u00edm na dobu ur\u010ditou jeden rok.<\/p>\n\n\n\n<p class=\"wp-block-paragraph\">Fotbalisty prvn\u00edho mu\u017estva TJ HUK nad\u00e1le tr\u00e9nuje Miroslav Novosad, kter\u00e9mu se poda\u0159ilo stabilizovat k\u00e1dr, projevilo se to i na v\u00fdsledc\u00edch a po dlouh\u00fdch letech jsme schopni konkurovat prvn\u00edm t\u00fdm\u016fm.<\/p>\n\n\n\n<p class=\"wp-block-paragraph\">Hlavn\u00edm spole\u010dn\u00fdm c\u00edlem pro jaro 2022 je udr\u017eet na\u0161e mlad\u00e9 hr\u00e1\u010de p\u0159i chuti k fotbalu, i p\u0159es v\u0161echna vl\u00e1dn\u00ed na\u0159\u00edzen\u00ed a omezen\u00ed, aby i nad\u00e1le bylo mo\u017en\u00e9 zachovat t\u00fdmy p\u0159\u00edpravky i \u017e\u00e1k\u016f a udr\u017eet tren\u00e9ry, kte\u0159\u00ed to nemaj\u00ed \u010dasov\u011b jednoduch\u00e9. S \u201eA\u201c mu\u017estvem se pak pokus\u00edme je\u0161t\u011b o lep\u0161\u00ed v\u00fdkony i v\u00fdsledky, abychom mohli atakovat nejvy\u0161\u0161\u00ed p\u0159\u00ed\u010dky tabulky IV.B t\u0159\u00eddy.<\/p>\n\n\n\n<p class=\"wp-block-paragraph\">Z\u00e1v\u011brem p\u0159eji jm\u00e9nem TJ HUK v\u0161em spoluob\u010dan\u016fm hodn\u011b zdrav\u00ed a mnoho pracovn\u00edch i osobn\u00edch \u00fasp\u011bch\u016f v&nbsp;cel\u00e9m roce 2022, a hlavn\u011b aby skon\u010dila pandemie, kter\u00e1 n\u00e1s v\u0161echny poznamenala a r\u016fzn\u011b omezila. D\u00e1le chci pod\u011bkovat v\u0161em p\u0159\u00e1tel\u016fm a sponzor\u016fm TJ HUK, hlavn\u011b obc\u00edm H\u0159iv\u00edn\u016fv \u00dajezd a Ka\u0148ovice a firm\u011b Sollau s.r.o, za jejich podporu v&nbsp;uplynul\u00e9m roce 2021. Spolu s&nbsp;cel\u00fdm odd\u00edlem TJ HUK se t\u011b\u0161\u00edme i na budouc\u00ed spolupr\u00e1ci v&nbsp;roce 2022.<\/p>\n\n\n\n<p class=\"has-text-align-right wp-block-paragraph\">Karel Bur\u0161\u00edk, p\u0159edseda TJ HUK<\/p>\n","protected":false},"excerpt":{"rendered":"<p>N\u00e1\u0161 p\u0159edseda Karel Bur\u0161\u00edk hodnot\u00ed rok 2021.<\/p>\n","protected":false},"author":1,"featured_media":547,"comment_status":"closed","ping_status":"closed","sticky":false,"template":"","format":"standard","meta":{"ngg_post_thumbnail":0,"_jetpack_newsletter_access":"","_jetpack_dont_email_post_to_subs":false,"_jetpack_newsletter_tier_id":0,"_jetpack_memberships_contains_paywalled_content":false,"_jetpack_memberships_contains_paid_content":false,"footnotes":""},"categories":[7],"tags":[],"class_list":["post-509","post","type-post","status-publish","format-standard","has-post-thumbnail","hentry","category-muzi-novinky"],"jetpack-related-posts":[{"id":531,"url":"https:\/\/www.hu-k.cz\/?p=531","url_meta":{"origin":509,"position":0},"title":"Turnaj star\u0161\u00edch p\u0159\u00edpravek","author":"radim","date":"15 b\u0159ezna, 2022","format":false,"excerpt":"Op\u011bt se \u00fa\u010dastn\u00edme turnaje star\u0161\u00edch p\u0159\u00edpravek v Luha\u010dovic\u00edch v hale Radostova.","rel":"","context":"V \u201eNovinky p\u0159\u00edpravka\u201c","block_context":{"text":"Novinky p\u0159\u00edpravka","link":"https:\/\/www.hu-k.cz\/?cat=9"},"img":{"alt_text":"Luhacovice 2022","src":"https:\/\/i0.wp.com\/www.hu-k.cz\/wp-content\/uploads\/2022\/03\/turnaj-st_pripravka-Luhacovice.jpg?resize=350%2C200&ssl=1","width":350,"height":200,"srcset":"https:\/\/i0.wp.com\/www.hu-k.cz\/wp-content\/uploads\/2022\/03\/turnaj-st_pripravka-Luhacovice.jpg?resize=350%2C200&ssl=1 1x, https:\/\/i0.wp.com\/www.hu-k.cz\/wp-content\/uploads\/2022\/03\/turnaj-st_pripravka-Luhacovice.jpg?resize=525%2C300&ssl=1 1.5x, https:\/\/i0.wp.com\/www.hu-k.cz\/wp-content\/uploads\/2022\/03\/turnaj-st_pripravka-Luhacovice.jpg?resize=700%2C400&ssl=1 2x, https:\/\/i0.wp.com\/www.hu-k.cz\/wp-content\/uploads\/2022\/03\/turnaj-st_pripravka-Luhacovice.jpg?resize=1050%2C600&ssl=1 3x, https:\/\/i0.wp.com\/www.hu-k.cz\/wp-content\/uploads\/2022\/03\/turnaj-st_pripravka-Luhacovice.jpg?resize=1400%2C800&ssl=1 4x"},"classes":[]},{"id":412,"url":"https:\/\/www.hu-k.cz\/?p=412","url_meta":{"origin":509,"position":1},"title":"V\u00fdro\u010dn\u00ed \u010dlensk\u00e1 sch\u016fze 2021 a ukon\u010den\u00e1","author":"radim","date":"16 \u0159\u00edjna, 2021","format":false,"excerpt":"V p\u00e1tek 29.10. od 18hod se uskute\u010dn\u00ed v restauraci Na h\u0159i\u0161ti v\u00fdro\u010dn\u00ed sch\u016fze. Zv\u00e1ni jsou v\u0161ichni \u010dlenov\u00e9 i ne\u010dlenov\u00e9, nap\u0159. rodi\u010de d\u011bt\u00ed. Po sch\u016fzi n\u00e1sleduje ukon\u010den\u00e1 podzimn\u00ed sezony 2021.","rel":"","context":"V \u201eNovinky mu\u017ei\u201c","block_context":{"text":"Novinky mu\u017ei","link":"https:\/\/www.hu-k.cz\/?cat=7"},"img":{"alt_text":"","src":"https:\/\/i0.wp.com\/www.hu-k.cz\/wp-content\/uploads\/2021\/10\/image.png?resize=350%2C200&ssl=1","width":350,"height":200,"srcset":"https:\/\/i0.wp.com\/www.hu-k.cz\/wp-content\/uploads\/2021\/10\/image.png?resize=350%2C200&ssl=1 1x, https:\/\/i0.wp.com\/www.hu-k.cz\/wp-content\/uploads\/2021\/10\/image.png?resize=525%2C300&ssl=1 1.5x, https:\/\/i0.wp.com\/www.hu-k.cz\/wp-content\/uploads\/2021\/10\/image.png?resize=700%2C400&ssl=1 2x"},"classes":[]},{"id":489,"url":"https:\/\/www.hu-k.cz\/?p=489","url_meta":{"origin":509,"position":2},"title":"Nov\u00e9 multifunk\u010dn\u00ed h\u0159i\u0161t\u011b","author":"radim","date":"27 prosince, 2021","format":false,"excerpt":"HUKOT ar\u00e9na dokon\u010dena :-)","rel":"","context":"V \u201eNovinky mu\u017ei\u201c","block_context":{"text":"Novinky mu\u017ei","link":"https:\/\/www.hu-k.cz\/?cat=7"},"img":{"alt_text":"","src":"https:\/\/i0.wp.com\/www.hu-k.cz\/wp-content\/uploads\/2021\/12\/hukot-arena.jpeg?resize=350%2C200&ssl=1","width":350,"height":200,"srcset":"https:\/\/i0.wp.com\/www.hu-k.cz\/wp-content\/uploads\/2021\/12\/hukot-arena.jpeg?resize=350%2C200&ssl=1 1x, https:\/\/i0.wp.com\/www.hu-k.cz\/wp-content\/uploads\/2021\/12\/hukot-arena.jpeg?resize=525%2C300&ssl=1 1.5x, https:\/\/i0.wp.com\/www.hu-k.cz\/wp-content\/uploads\/2021\/12\/hukot-arena.jpeg?resize=700%2C400&ssl=1 2x, https:\/\/i0.wp.com\/www.hu-k.cz\/wp-content\/uploads\/2021\/12\/hukot-arena.jpeg?resize=1050%2C600&ssl=1 3x, https:\/\/i0.wp.com\/www.hu-k.cz\/wp-content\/uploads\/2021\/12\/hukot-arena.jpeg?resize=1400%2C800&ssl=1 4x"},"classes":[]}],"jetpack_sharing_enabled":true,"jetpack_featured_media_url":"https:\/\/www.hu-k.cz\/wp-content\/uploads\/2022\/01\/1641844864676-scaled.jpg","_links":{"self":[{"href":"https:\/\/www.hu-k.cz\/index.php?rest_route=\/wp\/v2\/posts\/509","targetHints":{"allow":["GET"]}}],"collection":[{"href":"https:\/\/www.hu-k.cz\/index.php?rest_route=\/wp\/v2\/posts"}],"about":[{"href":"https:\/\/www.hu-k.cz\/index.php?rest_route=\/wp\/v2\/types\/post"}],"author":[{"embeddable":true,"href":"https:\/\/www.hu-k.cz\/index.php?rest_route=\/wp\/v2\/users\/1"}],"replies":[{"embeddable":true,"href":"https:\/\/www.hu-k.cz\/index.php?rest_route=%2Fwp%2Fv2%2Fcomments&post=509"}],"version-history":[{"count":4,"href":"https:\/\/www.hu-k.cz\/index.php?rest_route=\/wp\/v2\/posts\/509\/revisions"}],"predecessor-version":[{"id":548,"href":"https:\/\/www.hu-k.cz\/index.php?rest_route=\/wp\/v2\/posts\/509\/revisions\/548"}],"wp:featuredmedia":[{"embeddable":true,"href":"https:\/\/www.hu-k.cz\/index.php?rest_route=\/wp\/v2\/media\/547"}],"wp:attachment":[{"href":"https:\/\/www.hu-k.cz\/index.php?rest_route=%2Fwp%2Fv2%2Fmedia&parent=509"}],"wp:term":[{"taxonomy":"category","embeddable":true,"href":"https:\/\/www.hu-k.cz\/index.php?rest_route=%2Fwp%2Fv2%2Fcategories&post=509"},{"taxonomy":"post_tag","embeddable":true,"href":"https:\/\/www.hu-k.cz\/index.php?rest_route=%2Fwp%2Fv2%2Ftags&post=509"}],"curies":[{"name":"wp","href":"https:\/\/api.w.org\/{rel}","templated":true}]}}